{"id":1166,"date":"2020-04-17T00:01:24","date_gmt":"2020-04-17T03:01:24","guid":{"rendered":"https:\/\/cadeguincho.com\/blog\/blog\/?p=385"},"modified":"2020-04-17T00:01:24","modified_gmt":"2020-04-17T03:01:24","slug":"salao-do-automovel-2020-adiado-para-2021","status":"publish","type":"post","link":"https:\/\/cadeguincho.com\/blog\/salao-do-automovel-2020-adiado-para-2021\/","title":{"rendered":"Sal\u00e3o do Autom\u00f3vel 2020 \u00e9 adiado para 2021"},"content":{"rendered":"\n<p>O evento que estava previsto para acontecer em novembro de 2020 foi adiado para o ano seguinte. A nova data para a pr\u00f3xima edi\u00e7\u00e3o ainda n\u00e3o foi definida.<\/p>\n\n\n\n<figure class=\"wp-block-image\"><img decoding=\"async\" src=\"https:\/\/cadeguincho.com\/blog\/wp-content\/uploads\/2020\/04\/salao-do-automovel-foi-adiado-para-2021-1.png\" alt=\"Sal\u00e3o do Autom\u00f3vel \u00e9 adiado para 2021\" class=\"wp-image-391\"\/><figcaption>  Foto: Mario Aguas\/ Fotografia\/ RXAM  <\/figcaption><\/figure>\n\n\n\n<p>Em nota a Associa\u00e7\u00e3o Nacional dos Fabricantes de Ve\u00edculos Automotores (<em>Anfavea<\/em>) divulgou a declara\u00e7\u00e3o feita por seu presidente, Luiz Carlos Moraes:<\/p>\n\n\n\n<blockquote class=\"wp-block-quote is-style-default is-layout-flow wp-block-quote-is-layout-flow\"><p><em>O Sal\u00e3o do Autom\u00f3vel \u00e9 um evento que precisa evoluir e refletir o momento de disrup\u00e7\u00e3o tecnol\u00f3gica que nossa ind\u00fastria est\u00e1 vivendo. Em conjunto com a REED, tomamos a decis\u00e3o de adiar a edi\u00e7\u00e3o do Sal\u00e3o de 2020 para reduzir custos e termos tempo de avaliar novos formatos. A revis\u00e3o do Sal\u00e3o n\u00e3o \u00e9 um movimento local, est\u00e1 acontecendo em todos os pa\u00edses do mundo e pelos mesmos motivos.<\/em><\/p><\/blockquote>\n\n\n\n<p>A decis\u00e3o de adiamento foi tomada com o objetivo de planejar um novo formato de evento, tanto para oferecer uma boa experi\u00eancia ao p\u00fablico, quanto para atender as expectativas das montadoras que hoje gastam de R$ 250 milh\u00f5es a R$ 300 milh\u00f5es a cada edi\u00e7\u00e3o da feira. <\/p>\n\n\n\n<p>Os fabricantes de ve\u00edculos que se manifestaram e informaram n\u00e3o participar neste ano, tem como principal objetivo investir o custo que seria gasto na feira diretamente em experi\u00eancias pr\u00f3prias com os clientes, explorar novas plataformas e formatos alternativos. <\/p>\n\n\n\n<figure class=\"wp-block-image\"><img decoding=\"async\" src=\"https:\/\/cadeguincho.com\/blog\/wp-content\/uploads\/2020\/04\/montadoras-desistem-de-participar-do-salao-do-automovel-1.png\" alt=\"Sal\u00e3o do Autom\u00f3vel \u00e9 a maior exposi\u00e7\u00e3o da ind\u00fastria automobil\u00edstica do Brasil\" class=\"wp-image-389\"\/><figcaption> Foto: Mario Aguas\/ Fotografia\/ RXAM <\/figcaption><\/figure>\n\n\n\n<p>Uma das primeiras a anunciar a desist\u00eancia em participar do Sal\u00e3o do Autom\u00f3vel em 2020 foi a montadora BMW que em nota divulgada \u00e0 imprensa informou que a empresa deseja refor\u00e7ar o engajamento em atividades espec\u00edficas e individualizadas de experi\u00eancia da marca, incluindo maior oferta de test-drives e degusta\u00e7\u00f5es de tecnologias e servi\u00e7os para clientes e f\u00e3s.<\/p>\n\n\n\n<p>O presidente da REED Alc\u00e2ntara Machado, a principal organizadora de eventos do mundo, respons\u00e1vel pela execu\u00e7\u00e3o do Sal\u00e3o do Autom\u00f3vel, tamb\u00e9m se manifestou:<\/p>\n\n\n\n<blockquote class=\"wp-block-quote is-style-default is-layout-flow wp-block-quote-is-layout-flow\"><p><em>A REED possui o grande desafio de propor um novo Sal\u00e3o do Autom\u00f3vel alinhado com as expectativas do p\u00fablico visitante e com a nova realidade das montadoras. Estamos focados na solu\u00e7\u00e3o deste desafio e comprometidos com a entrega da melhor edi\u00e7\u00e3o do Sal\u00e3o do Autom\u00f3vel em 2021. Cl\u00e1udio Della Nina.<\/em><\/p><\/blockquote>\n\n\n\n<p>A edi\u00e7\u00e3o do Sal\u00e3o do Autom\u00f3vel para o ano de 2021 ainda n\u00e3o tem data certa para acontecer.<\/p>\n\n\n\n<p>Aguardamos mais informa\u00e7\u00f5es para divulgar aos nossos\nleitores.<\/p>\n","protected":false},"excerpt":{"rendered":"<p>O Sal\u00e3o do Autom\u00f3vel que estava previsto para acontecer em novembro de 2020 foi adiado para o ano seguinte. Uma das primeiras a anunciar a desist\u00eancia foi a BMW, o motivo \u00e9 que a empresa deseja refor\u00e7ar o engajamento em atividades espec\u00edficas e individualizadas de experi\u00eancia da marca.<\/p>\n","protected":false},"author":2,"featured_media":7135,"comment_status":"open","ping_status":"open","sticky":false,"template":"","format":"standard","meta":{"footnotes":""},"categories":[41],"tags":[87,88,89,90],"class_list":["post-1166","post","type-post","status-publish","format-standard","has-post-thumbnail","hentry","category-banner","tag-automotivo","tag-evento","tag-feira","tag-salao-do-automovel"],"_links":{"self":[{"href":"https:\/\/cadeguincho.com\/blog\/wp-json\/wp\/v2\/posts\/1166","targetHints":{"allow":["GET"]}}],"collection":[{"href":"https:\/\/cadeguincho.com\/blog\/wp-json\/wp\/v2\/posts"}],"about":[{"href":"https:\/\/cadeguincho.com\/blog\/wp-json\/wp\/v2\/types\/post"}],"author":[{"embeddable":true,"href":"https:\/\/cadeguincho.com\/blog\/wp-json\/wp\/v2\/users\/2"}],"replies":[{"embeddable":true,"href":"https:\/\/cadeguincho.com\/blog\/wp-json\/wp\/v2\/comments?post=1166"}],"version-history":[{"count":0,"href":"https:\/\/cadeguincho.com\/blog\/wp-json\/wp\/v2\/posts\/1166\/revisions"}],"wp:featuredmedia":[{"embeddable":true,"href":"https:\/\/cadeguincho.com\/blog\/wp-json\/wp\/v2\/media\/7135"}],"wp:attachment":[{"href":"https:\/\/cadeguincho.com\/blog\/wp-json\/wp\/v2\/media?parent=1166"}],"wp:term":[{"taxonomy":"category","embeddable":true,"href":"https:\/\/cadeguincho.com\/blog\/wp-json\/wp\/v2\/categories?post=1166"},{"taxonomy":"post_tag","embeddable":true,"href":"https:\/\/cadeguincho.com\/blog\/wp-json\/wp\/v2\/tags?post=1166"}],"curies":[{"name":"wp","href":"https:\/\/api.w.org\/{rel}","templated":true}]}}