{"id":338,"date":"2020-04-03T00:01:19","date_gmt":"2020-04-03T03:01:19","guid":{"rendered":"https:\/\/cadeguincho.com\/blog\/blog\/?p=338"},"modified":"2020-04-03T00:01:19","modified_gmt":"2020-04-03T03:01:19","slug":"montadoras-de-veiculos-prorrogam-prazo-de-suspensao-da-producao-por-conta-do-coronavirus","status":"publish","type":"post","link":"https:\/\/cadeguincho.com\/blog\/montadoras-de-veiculos-prorrogam-prazo-de-suspensao-da-producao-por-conta-do-coronavirus\/","title":{"rendered":"Montadoras de ve\u00edculos prorrogam prazo de suspens\u00e3o da produ\u00e7\u00e3o por conta do Coronav\u00edrus"},"content":{"rendered":"\n<p>Para conter a dissemina\u00e7\u00e3o do Coronav\u00edrus muitas montadoras de ve\u00edculos suspenderam seus processos produtivos. Em nota publicada em 19 de Mar\u00e7o de 2020 a Anfavea (Associa\u00e7\u00e3o Nacional dos Fabricantes de Ve\u00edculos Automotores) j\u00e1 comunicava que em fun\u00e7\u00e3o do agravamento da crise gerada pela Covid-19 as montadoras associadas estudavam a\u00e7\u00f5es de paralisa\u00e7\u00e3o das suas f\u00e1bricas pelo Brasil e discutiam caso a caso com seus sindicatos.<\/p>\n\n\n\n<p>De fato, ocorreu. Houve interrup\u00e7\u00e3o da produ\u00e7\u00e3o, f\u00e9rias coletivas e utiliza\u00e7\u00e3o de banco de horas. Infelizmente at\u00e9 o momento o cen\u00e1rio \u00e9 incerto e todas as a\u00e7\u00f5es tomadas t\u00eam como principal objetivo combater a propaga\u00e7\u00e3o do v\u00edrus. Por conta disso, al\u00e9m do prazo de suspens\u00e3o j\u00e1 previsto, algumas montadoras j\u00e1 publicaram notas informando a prorroga\u00e7\u00e3o de paralisa\u00e7\u00e3o de suas atividades. <\/p>\n\n\n\n<figure class=\"wp-block-image\"><img decoding=\"async\" src=\"https:\/\/cadeguincho.com\/blog\/wp-content\/uploads\/2020\/04\/montadoras-veiculos-prorrogam-prazo-suspens\u00e3o-produ\u00e7\u00e3o-por-conta-do-Coronav\u00edrus.png\" alt=\"\" class=\"wp-image-340\"\/><\/figure>\n\n\n\n<p>A <strong>Toyota do Brasil<\/strong> divulgou que a nova previs\u00e3o de retorno em todas as f\u00e1bricas ser\u00e1 no dia 22 de abril. A medida visa atenuar os riscos \u00e0 sa\u00fade de seus colaboradores e de seus familiares pelo avan\u00e7o da pandemia do coronav\u00edrus, e leva em considera\u00e7\u00e3o demanda e disponibilidade de fornecedores e cadeia log\u00edstica.&nbsp;<\/p>\n\n\n\n<p>Salientou ainda que processos como\no fornecimento de pe\u00e7as de reposi\u00e7\u00e3o para ve\u00edculos, incluindo aqueles\nutilizados por \u00f3rg\u00e3os p\u00fablicos, est\u00e3o funcionando normalmente.<\/p>\n\n\n\n<p>A Toyota segue monitorando o\nassunto e avaliando a situa\u00e7\u00e3o momento a momento, conforme as orienta\u00e7\u00f5es das\nautoridades locais.<\/p>\n\n\n\n<p>A <strong>Volkswagen do Brasil<\/strong> informou a extens\u00e3o da suspens\u00e3o da produ\u00e7\u00e3o em todas as quatro f\u00e1bricas no Pa\u00eds at\u00e9 o final do m\u00eas de abril. A produ\u00e7\u00e3o ser\u00e1 retomada de acordo com a programa\u00e7\u00e3o da cadeia de suprimentos e de log\u00edstica de cada f\u00e1brica. <\/p>\n\n\n\n<p>Em nota oficial a <strong>Moto Honda da Amaz\u00f4nia<\/strong> informou que tamb\u00e9m suspendeu suas atividades produtivas em sua unidade fabril deste o dia 27 de mar\u00e7o e o retorno previsto para 13 de abril, podendo ser postergado para o dia 20 de abril.<\/p>\n\n\n\n<p>Al\u00e9m dos colaboradores diretamente envolvidos no processo produtivo, os profissionais das \u00e1reas administrativas tamb\u00e9m entraram de f\u00e9rias coletivas ou regime de Home Office. As atividades imprescind\u00edveis, que n\u00e3o podem ser realizadas a dist\u00e2ncia, foram mantidas contingente m\u00ednimo de colaboradores, com as medidas de preven\u00e7\u00e3o recomendadas pelas autoridades para proteger as pessoas e conter a dissemina\u00e7\u00e3o do v\u00edrus.<\/p>\n\n\n\n<p>At\u00e9 o momento, outras montadoras continuam com a suspens\u00e3o das atividades como informado no in\u00edcio, s\u00e3o elas:<\/p>\n\n\n\n<p>A <strong>General Motors<\/strong> que j\u00e1 havia anunciado que seus funcion\u00e1rios ficariam em casa entre os dias 30 de mar\u00e7o e 12 de abril. Em nota, a GM afirmou que o objetivo \u00e9 ajustar a produ\u00e7\u00e3o \u00e0 demanda atual do mercado. A paralisa\u00e7\u00e3o \u00e9 v\u00e1lida para todas as cinco f\u00e1bricas da montadora no pa\u00eds.<\/p>\n\n\n\n<p>A <strong>Ford<\/strong> tamb\u00e9m informou que suspendeu temporariamente a produ\u00e7\u00e3o de suas f\u00e1bricas no Brasil&nbsp; e que essa suspens\u00e3o nas unidades da Ford em Cama\u00e7ari (BA) e Taubat\u00e9 (SP), assim como na f\u00e1brica da Troller em Horizonte (CE), que est\u00e1 em vigor desde o dia 23 de mar\u00e7o e permanece com as atividades programadas para retomada em 13 de abril.<\/p>\n\n\n\n<p>A <strong>Renault do Brasil<\/strong> que previa parar no dia 25 de mar\u00e7o, se antecipou e para o dia 23 de mar\u00e7o em fun\u00e7\u00e3o da divulga\u00e7\u00e3o feita no dia 20 de mar\u00e7o \u00e0 noite pelo Minist\u00e9rio da Sa\u00fade que todo o territ\u00f3rio nacional j\u00e1 estava sob o status de transmiss\u00e3o comunit\u00e1ria do coronav\u00edrus. E a decis\u00e3o de paralisa\u00e7\u00e3o vai at\u00e9 dia 14 de abril.<\/p>\n\n\n\n<p>A <strong>Nissan do Brasil<\/strong> informou que para evitar o cont\u00e1gio entre seus funcion\u00e1rios paralisou a produ\u00e7\u00e3o no Complexo industrial de Resende do dia 25 de Mar\u00e7o com previs\u00e3o de retorno para o dia 22 de abril.<\/p>\n\n\n\n<p>A <strong>Fiat Chrysler<\/strong> que tamb\u00e9m j\u00e1 havia anunciado a paralisa\u00e7\u00e3o total da produ\u00e7\u00e3o em todas as unidades do Brasil desde o dia 27 de mar\u00e7o, e informou que ser\u00e3o retomadas em 21 de abril. <\/p>\n\n\n\n<p class=\"has-small-font-size\"><em>Mais informa\u00e7\u00f5es ser\u00e3o divulgadas em breve no Blog Cad\u00ea Guincho.<\/em><\/p>\n","protected":false},"excerpt":{"rendered":"<p>Para evitar a dissemina\u00e7\u00e3o do Coronav\u00edrus no Brasil as montadoras que j\u00e1 haviam paralisado suas atividades de produ\u00e7\u00e3o, acabaram estendendo o prazo de suspens\u00e3o de suas atividades.<\/p>\n","protected":false},"author":2,"featured_media":342,"comment_status":"open","ping_status":"open","sticky":false,"template":"","format":"standard","meta":{"footnotes":""},"categories":[41],"tags":[66,67,73,74,75,76,77,78,79,80],"class_list":["post-338","post","type-post","status-publish","format-standard","has-post-thumbnail","hentry","category-banner","tag-coronavirus","tag-covid19","tag-ford","tag-gm","tag-industria-automobilistica","tag-montadoras","tag-paralisacao","tag-suspensao-das-atividades","tag-toyota","tag-veiculos"],"_links":{"self":[{"href":"https:\/\/cadeguincho.com\/blog\/wp-json\/wp\/v2\/posts\/338","targetHints":{"allow":["GET"]}}],"collection":[{"href":"https:\/\/cadeguincho.com\/blog\/wp-json\/wp\/v2\/posts"}],"about":[{"href":"https:\/\/cadeguincho.com\/blog\/wp-json\/wp\/v2\/types\/post"}],"author":[{"embeddable":true,"href":"https:\/\/cadeguincho.com\/blog\/wp-json\/wp\/v2\/users\/2"}],"replies":[{"embeddable":true,"href":"https:\/\/cadeguincho.com\/blog\/wp-json\/wp\/v2\/comments?post=338"}],"version-history":[{"count":0,"href":"https:\/\/cadeguincho.com\/blog\/wp-json\/wp\/v2\/posts\/338\/revisions"}],"wp:featuredmedia":[{"embeddable":true,"href":"https:\/\/cadeguincho.com\/blog\/wp-json\/wp\/v2\/media\/342"}],"wp:attachment":[{"href":"https:\/\/cadeguincho.com\/blog\/wp-json\/wp\/v2\/media?parent=338"}],"wp:term":[{"taxonomy":"category","embeddable":true,"href":"https:\/\/cadeguincho.com\/blog\/wp-json\/wp\/v2\/categories?post=338"},{"taxonomy":"post_tag","embeddable":true,"href":"https:\/\/cadeguincho.com\/blog\/wp-json\/wp\/v2\/tags?post=338"}],"curies":[{"name":"wp","href":"https:\/\/api.w.org\/{rel}","templated":true}]}}