{"id":3778,"date":"2022-09-22T00:10:00","date_gmt":"2022-09-22T03:10:00","guid":{"rendered":"https:\/\/cadeguincho.com\/blog\/blog\/?p=3778"},"modified":"2022-09-22T00:10:00","modified_gmt":"2022-09-22T03:10:00","slug":"dia-mundial-sem-carro-mobilidade-e-sustentabilidade","status":"publish","type":"post","link":"https:\/\/cadeguincho.com\/blog\/dia-mundial-sem-carro-mobilidade-e-sustentabilidade\/","title":{"rendered":"Dia Mundial Sem Carro: mobilidade e sustentabilidade"},"content":{"rendered":"\n<figure class=\"wp-block-image size-full\"><img fetchpriority=\"high\" decoding=\"async\" width=\"680\" height=\"250\" src=\"https:\/\/cadeguincho.com\/blog\/wp-content\/uploads\/2022\/08\/dia-mundial-sem-carro.png\" alt=\"Tr\u00e2nsito com ciclistas esperando no sem\u00e1foro vermelho\" class=\"wp-image-3779\" title=\"No dia mundial sem carro \u00e9 importante refletir sobre mobilidade\" srcset=\"https:\/\/cadeguincho.com\/blog\/wp-content\/uploads\/2022\/08\/dia-mundial-sem-carro.png 680w, https:\/\/cadeguincho.com\/blog\/wp-content\/uploads\/2022\/08\/dia-mundial-sem-carro-300x110.png 300w\" sizes=\"(max-width: 680px) 100vw, 680px\" \/><\/figure>\n\n\n\n<p>Criado oficialmente na Fran\u00e7a, em 1997, e difundido ao redor do mundo a partir dos anos 2000, o <em>World Car-Free Day<\/em> (Dia Mundial Sem Carro) \u00e9 uma importante data que envolve reflex\u00f5es a respeito da sustentabilidade e mobilidade urbana.<\/p>\n\n\n\n<p>Por isso, pensando nessa data importante, n\u00f3s fizemos este artigo especial para levantarmos alguns pontos, considera\u00e7\u00f5es, informa\u00e7\u00f5es e reflex\u00f5es a respeito deste assunto.\u00a0<\/p>\n\n\n\n<p>Vamos l\u00e1?<\/p>\n\n\n\n<h2 class=\"wp-block-heading\">O que \u00e9 o Dia Mundial Sem Carro<\/h2>\n\n\n\n<p>De forma simples e objetiva, o Dia Mundial Sem Carro \u00e9 uma data para chamar a aten\u00e7\u00e3o da popula\u00e7\u00e3o e conscientiz\u00e1-la em rela\u00e7\u00e3o ao uso excessivo de carros, de modo a dar mais oportunidade para meios de transporte alternativos, que s\u00e3o mais <a href=\"https:\/\/cadeguincho.com\/blog\/combustiveis-sustentaveis-hidrogenio-diesel-verde-e-outros\/\" target=\"_blank\" rel=\"noreferrer noopener\">sustent\u00e1veis<\/a> e menos poluentes, como:<\/p>\n\n\n\n<ul class=\"wp-block-list\"><li>Bicicletas;<\/li><li>Patinetes;<\/li><li>E a boa e velha caminhada.<\/li><\/ul>\n\n\n\n<h2 class=\"wp-block-heading\">Qual \u00e9 o Dia Mundial Sem Carro?<\/h2>\n\n\n\n<p>O Dia Mundial Sem Carro \u00e9 celebrado anualmente, no dia 22 de setembro. E esse ano, a data caiu em uma quinta-feira.<\/p>\n\n\n\n<h2 class=\"wp-block-heading\">A import\u00e2ncia do Dia Mundial Sem Carro<\/h2>\n\n\n\n<p>Apesar de os autom\u00f3veis facilitarem e muito o nosso dia a dia, tornando a nossa vida mais pr\u00e1tica, f\u00e1cil e c\u00f4moda, infelizmente eles prejudicam o ar, a nossa sa\u00fade e o meio ambiente.<\/p>\n\n\n\n<p>Em um <a href=\"https:\/\/exame.com\/brasil\/carros-representam-726-da-emissao-de-gases-efeito-estufa-em-sp\/\" target=\"_blank\" rel=\"noreferrer noopener nofollow\">estudo<\/a> feito h\u00e1 poucos anos pelo IEMA (Instituto de Energia e Meio Ambiente), constatou-se que os carros s\u00e3o respons\u00e1veis em S\u00e3o Paulo por 72,6% da emiss\u00e3o de gases efeito estufa na atmosfera (subst\u00e2ncias poluentes e grandes vil\u00f5es do aquecimento global).<\/p>\n\n\n\n<p>Por conta disso, problemas como epidemias, desastres ambientais, eleva\u00e7\u00e3o das temperaturas, extin\u00e7\u00e3o de esp\u00e9cies, preju\u00edzos \u00e0 agricultura etc. tendem a se tornar cada vez mais frequentes. E isso, de uma forma ou de outra, acaba afetando toda a popula\u00e7\u00e3o.<\/p>\n\n\n\n<p>Portanto, buscar meios alternativos, menos agressivos e menos prejudiciais \u00e0 sa\u00fade e ao ambiente \u00e9 algo fundamental para evitar esses e outros problemas. E \u00e9 disso que trata o <em>World Car-Free Day<\/em>.<\/p>\n\n\n\n<p>A data visa mostrar que \u00e9 poss\u00edvel, sim, se deslocar para diversos lugares sem precisar recorrer sempre a um carro.&nbsp;<\/p>\n\n\n\n<p>Basicamente, a ideia \u00e9 trazer uma reflex\u00e3o a respeito dessa grande \u201cdepend\u00eancia\u201d que muitas pessoas t\u00eam de seus ve\u00edculos e o qu\u00e3o prejudicial ela pode ser.<\/p>\n\n\n\n<p>Ficar um dia sem dirigir o seu carro n\u00e3o ser\u00e1 o fim do mundo, certo?<\/p>\n\n\n\n<p>Por isso, no dia 22 de setembro (e em outros dias do ano tamb\u00e9m), procure deixar o seu carro na garagem. Voc\u00ea e o planeta s\u00f3 tendem a ganhar.<\/p>\n\n\n\n<h2 class=\"wp-block-heading\">Papel do governo e de \u00f3rg\u00e3os competentes<\/h2>\n\n\n\n<p>Agora, \u00e9 importante ressaltar que os governos, \u00f3rg\u00e3os competentes e a iniciativa privada tamb\u00e9m precisam fazer a parte deles e garantir mais seguran\u00e7a e uma boa infraestrutura para que os pedestres possam circular nas ruas e cal\u00e7adas e para que os ciclistas possam aproveitar as ciclovias sem grandes problemas.<\/p>\n\n\n\n<p>S\u00f3 assim \u00e9 poss\u00edvel ganhar a confian\u00e7a dessas pessoas, incentiv\u00e1-las e fazer com que elas optem por outros meios de transporte que n\u00e3o sejam um carro.<\/p>\n\n\n\n<p>E como sabemos, infelizmente essa \u00e9 uma quest\u00e3o que ainda \u00e9 bastante complicada em nosso pa\u00eds, pois h\u00e1 diversas vias com problemas e regi\u00f5es que nem sequer possuem ciclofaixas.<\/p>\n\n\n\n<p>Ent\u00e3o, \u00e9 necess\u00e1rio um esfor\u00e7o conjunto para que o cen\u00e1rio mude.<\/p>\n\n\n\n<h2 class=\"wp-block-heading\">Mais qualidade de vida e economia para o seu bolso<\/h2>\n\n\n\n<figure class=\"wp-block-image size-full\"><img decoding=\"async\" width=\"680\" height=\"250\" src=\"https:\/\/cadeguincho.com\/blog\/wp-content\/uploads\/2022\/08\/mobilidade-sustentabilidade-andam-juntas.png\" alt=\"Mulher andando de bicicleta em umm parque\" class=\"wp-image-3780\" title=\"Utilize transportes alternativos no Dia Mundial Sem Carro\" srcset=\"https:\/\/cadeguincho.com\/blog\/wp-content\/uploads\/2022\/08\/mobilidade-sustentabilidade-andam-juntas.png 680w, https:\/\/cadeguincho.com\/blog\/wp-content\/uploads\/2022\/08\/mobilidade-sustentabilidade-andam-juntas-300x110.png 300w\" sizes=\"(max-width: 680px) 100vw, 680px\" \/><\/figure>\n\n\n\n<p>Como dissemos logo acima, tanto voc\u00ea quanto o planeta tendem a ganhar quando voc\u00ea deixa de usar o carro com tanta frequ\u00eancia em sua rotina. E isso envolve a sua qualidade de vida, bem como os gastos que voc\u00ea tem no dia a dia.<\/p>\n\n\n\n<p>Quando voc\u00ea utiliza meios de transporte alternativos, como uma bicicleta, ou anda a p\u00e9, por exemplo, voc\u00ea melhora a sua <a href=\"https:\/\/cadeguincho.com\/blog\/como-a-saude-em-dia-te-ajuda-no-transito\/\" target=\"_blank\" rel=\"noreferrer noopener\">sa\u00fade<\/a>, o seu bem-estar e a sua qualidade de vida em geral, afinal, voc\u00ea estar\u00e1 em movimento, se exercitando, e os principais benef\u00edcios dessas atividades s\u00e3o:<\/p>\n\n\n\n<ul class=\"wp-block-list\"><li>Melhora na disposi\u00e7\u00e3o;<\/li><li>Melhora no humor;<\/li><li>Fortalecimento dos m\u00fasculos;<\/li><li>Fortalecimento do sistema imunol\u00f3gico;<\/li><li>Aumento do f\u00f4lego;<\/li><li>Redu\u00e7\u00e3o do estresse;<\/li><li>Melhora na qualidade do sono;<\/li><li>Melhora no foco e na concentra\u00e7\u00e3o;<\/li><li>Preven\u00e7\u00e3o de doen\u00e7as;<\/li><li>Controle do colesterol, diabetes e press\u00e3o arterial;<\/li><li>Combate a osteoporose;<\/li><li>Melhora na respira\u00e7\u00e3o;<\/li><li>Melhora no equil\u00edbrio, na postura e na coordena\u00e7\u00e3o motora;<\/li><li>Ajuda no emagrecimento e manuten\u00e7\u00e3o do peso;<\/li><li>E muito mais.<\/li><\/ul>\n\n\n\n<p>Viu s\u00f3 como voc\u00ea tende a ganhar?<\/p>\n\n\n\n<p>Al\u00e9m disso, vale ressaltar que ao deixar o carro na garagem com mais frequ\u00eancia, voc\u00ea gerar\u00e1 uma boa economia para o seu bolso tamb\u00e9m, pois reduzir\u00e1 os gastos com <a href=\"https:\/\/cadeguincho.com\/blog\/qual-combustivel-vale-mais-a-pena-etanol-ou-gasolina\/\" target=\"_blank\" rel=\"noreferrer noopener\">combust\u00edvel<\/a>, estacionamento, ped\u00e1gios, <a href=\"https:\/\/cadeguincho.com\/blog\/quais-as-multas-mais-caras-no-brasil\/\" target=\"_blank\" rel=\"noreferrer noopener\">multas<\/a> etc.<\/p>\n\n\n\n<p>Ou seja, mais uma vez voc\u00ea sai ganhando \u2014 e o planeta, claro, tamb\u00e9m agradece.<\/p>\n\n\n\n<h2 class=\"wp-block-heading\">Ve\u00edculos el\u00e9tricos e transporte coletivo<\/h2>\n\n\n\n<p>Outras formas de deixar o carro na garagem e colaborar com o meio ambiente \u00e9 utilizar <a href=\"https:\/\/cadeguincho.com\/blog\/vale-a-pena-o-investimento-em-veiculos-eletricos-no-brasil\/\" target=\"_blank\" rel=\"noreferrer noopener\">ve\u00edculos el\u00e9tricos<\/a> (hoje, j\u00e1 existem algumas op\u00e7\u00f5es de carros e motos desse tipo) e\/ou tamb\u00e9m pegar um transporte coletivo, como trem, metr\u00f4 ou at\u00e9 mesmo um \u00f4nibus.<\/p>\n\n\n\n<p>Os \u00f4nibus, apesar de tamb\u00e9m gerarem um certo impacto negativo \u00e0 atmosfera e ao meio ambiente, n\u00e3o s\u00e3o t\u00e3o prejudiciais como os carros e motos.<\/p>\n\n\n\n<p>Isso porque em um \u00fanico \u00f4nibus \u00e9 poss\u00edvel transportar diversas pessoas. Agora, imagine se cada uma dessas pessoas utilizasse seus pr\u00f3prios ve\u00edculos para se locomover diariamente? O problema seria bem maior.<\/p>\n\n\n\n<h2 class=\"wp-block-heading\">A\u00e7\u00f5es<\/h2>\n\n\n\n<figure class=\"wp-block-image size-full\"><img decoding=\"async\" width=\"680\" height=\"250\" src=\"https:\/\/cadeguincho.com\/blog\/wp-content\/uploads\/2022\/08\/grupos-alertam-pedalando-cidades.png\" alt=\"V\u00e1rias pessoas andando de bicicleta no tr\u00e2nsito\" class=\"wp-image-3781\" title=\"Grupos se re\u00fanem no Dia Mundial Sem Carro para alertar motoristas \" srcset=\"https:\/\/cadeguincho.com\/blog\/wp-content\/uploads\/2022\/08\/grupos-alertam-pedalando-cidades.png 680w, https:\/\/cadeguincho.com\/blog\/wp-content\/uploads\/2022\/08\/grupos-alertam-pedalando-cidades-300x110.png 300w\" sizes=\"(max-width: 680px) 100vw, 680px\" \/><\/figure>\n\n\n\n<p>Muitas cidades no Dia Mundial Sem Carro fazem a\u00e7\u00f5es para chamar a aten\u00e7\u00e3o da popula\u00e7\u00e3o. E uma a\u00e7\u00e3o j\u00e1 bastante conhecida em diversas regi\u00f5es do pa\u00eds s\u00e3o as pedaladas coletivas, tamb\u00e9m conhecidas como \u201cbicicletadas\u201d.<\/p>\n\n\n\n<p>Basicamente, trata-se de um passeio em que diversas pessoas se re\u00fanem em um determinado ponto com suas bicicletas e ent\u00e3o pedalam por v\u00e1rias regi\u00f5es da cidade, chamando a aten\u00e7\u00e3o da popula\u00e7\u00e3o.<\/p>\n\n\n\n<p>Portanto, com base em tudo o que voc\u00ea leu ao longo deste artigo, que tal participar de uma dessas pedaladas coletivas? Fa\u00e7a uma pesquisa e veja se na cidade onde voc\u00ea mora haver\u00e1 uma a\u00e7\u00e3o desse tipo.<\/p>\n\n\n\n<p>Como voc\u00ea viu, conscientizar a popula\u00e7\u00e3o sobre n\u00e3o usar o carro o tempo todo \u00e9 uma medida extremamente importante, n\u00e3o s\u00f3 para a sua sa\u00fade, mas tamb\u00e9m para o <a href=\"https:\/\/cadeguincho.com\/blog\/5-dicas-para-o-motorista-colaborar-com-o-meio-ambiente\/\" target=\"_blank\" rel=\"noreferrer noopener\">meio ambiente<\/a>!<\/p>\n\n\n\n<p>Ent\u00e3o, no dia 22 de setembro e em outros dias tamb\u00e9m, procure vivenciar a sua cidade de uma outra maneira, sem carro, ok?<\/p>\n\n\n\n<p>E se voc\u00ea gostou deste post e tem algo a acrescentar sobre o assunto, comente no espa\u00e7o abaixo. Queremos ouvir voc\u00ea!<\/p>\n","protected":false},"excerpt":{"rendered":"<p>Separamos neste artigo uma reflex\u00e3o e dicas importantes para o Dia Mundial Sem Carro. Saiba mais sobre o assunto!<\/p>\n","protected":false},"author":2,"featured_media":3783,"comment_status":"open","ping_status":"open","sticky":false,"template":"","format":"standard","meta":{"footnotes":""},"categories":[41],"tags":[54,131,729,49,730],"class_list":["post-3778","post","type-post","status-publish","format-standard","has-post-thumbnail","hentry","category-banner","tag-cade-guincho","tag-carro","tag-dia-mundial-sem-carro","tag-guincho","tag-mobilidade-e-sustentabilidade"],"_links":{"self":[{"href":"https:\/\/cadeguincho.com\/blog\/wp-json\/wp\/v2\/posts\/3778","targetHints":{"allow":["GET"]}}],"collection":[{"href":"https:\/\/cadeguincho.com\/blog\/wp-json\/wp\/v2\/posts"}],"about":[{"href":"https:\/\/cadeguincho.com\/blog\/wp-json\/wp\/v2\/types\/post"}],"author":[{"embeddable":true,"href":"https:\/\/cadeguincho.com\/blog\/wp-json\/wp\/v2\/users\/2"}],"replies":[{"embeddable":true,"href":"https:\/\/cadeguincho.com\/blog\/wp-json\/wp\/v2\/comments?post=3778"}],"version-history":[{"count":0,"href":"https:\/\/cadeguincho.com\/blog\/wp-json\/wp\/v2\/posts\/3778\/revisions"}],"wp:featuredmedia":[{"embeddable":true,"href":"https:\/\/cadeguincho.com\/blog\/wp-json\/wp\/v2\/media\/3783"}],"wp:attachment":[{"href":"https:\/\/cadeguincho.com\/blog\/wp-json\/wp\/v2\/media?parent=3778"}],"wp:term":[{"taxonomy":"category","embeddable":true,"href":"https:\/\/cadeguincho.com\/blog\/wp-json\/wp\/v2\/categories?post=3778"},{"taxonomy":"post_tag","embeddable":true,"href":"https:\/\/cadeguincho.com\/blog\/wp-json\/wp\/v2\/tags?post=3778"}],"curies":[{"name":"wp","href":"https:\/\/api.w.org\/{rel}","templated":true}]}}