{"id":4654,"date":"2023-05-24T00:10:00","date_gmt":"2023-05-24T03:10:00","guid":{"rendered":"https:\/\/cadeguincho.com\/blog\/blog\/?p=4654"},"modified":"2023-05-24T00:10:00","modified_gmt":"2023-05-24T03:10:00","slug":"teto-solar-interfere-no-consumo-de-combustivel-entenda","status":"publish","type":"post","link":"https:\/\/cadeguincho.com\/blog\/teto-solar-interfere-no-consumo-de-combustivel-entenda\/","title":{"rendered":"Teto solar interfere no consumo de combust\u00edvel? Entenda!"},"content":{"rendered":"\n<figure class=\"wp-block-image size-full\"><img fetchpriority=\"high\" decoding=\"async\" width=\"680\" height=\"250\" src=\"https:\/\/cadeguincho.com\/blog\/wp-content\/uploads\/2023\/04\/teto-solar-consumo-combustivel.png\" alt=\"Carro com teto solar e duas pessoas com as m\u00e3os para cima\" class=\"wp-image-4656\" title=\"Esse item \u00e9 feito de vidro temperado, pl\u00e1stico ou policarbonato.\" srcset=\"https:\/\/cadeguincho.com\/blog\/wp-content\/uploads\/2023\/04\/teto-solar-consumo-combustivel.png 680w, https:\/\/cadeguincho.com\/blog\/wp-content\/uploads\/2023\/04\/teto-solar-consumo-combustivel-300x110.png 300w\" sizes=\"(max-width: 680px) 100vw, 680px\" \/><\/figure>\n\n\n\n<p>O teto solar \u00e9 um <a href=\"https:\/\/cadeguincho.com\/blog\/carros-26-acessorios-para-personaliza-los\/\" target=\"_blank\" rel=\"noreferrer noopener\">acess\u00f3rio<\/a> cada vez mais popular em carros de diferentes categorias. Afinal, ele pode proporcionar uma experi\u00eancia de dire\u00e7\u00e3o mais agrad\u00e1vel e confort\u00e1vel \u2014 o que todo motorista deseja.<\/p>\n\n\n\n<p>Agora, um assunto que costuma ser falado sobre esse item refere-se a sua poss\u00edvel influ\u00eancia no consumo de combust\u00edvel. Afinal, o teto solar faz um ve\u00edculo gastar mais?<\/p>\n\n\n\n<p>Para entender essa quest\u00e3o com mais detalhes, acompanhe as explica\u00e7\u00f5es a seguir!<\/p>\n\n\n\n<h2 class=\"wp-block-heading\">O teto solar pode interferir no consumo de combust\u00edvel?<\/h2>\n\n\n\n<p>O teto solar \u00e9 um tipo de abertura na parte superior de um carro que permite a entrada de luz natural e ar fresco. Assim, ele proporciona uma experi\u00eancia mais agrad\u00e1vel para os ocupantes do ve\u00edculo.<\/p>\n\n\n\n<p>Normalmente, esse item \u00e9 feito de vidro temperado, pl\u00e1stico ou policarbonato, podendo ser operado de forma manual ou eletronicamente.&nbsp;<\/p>\n\n\n\n<p>No caso, ele \u00e9 montado em um mecanismo retr\u00e1til, que pode ser aberto ou fechado por meio de um bot\u00e3o, ou uma alavanca no painel do carro.<\/p>\n\n\n\n<p>Por\u00e9m, ser\u00e1 que esse simples acess\u00f3rio realmente pode interferir no <a href=\"https:\/\/cadeguincho.com\/blog\/carro-gastando-muito-combustivel-7-motivos-para-isso\/\" target=\"_blank\" rel=\"noreferrer noopener\">consumo de combust\u00edvel<\/a> de um carro?&nbsp;<\/p>\n\n\n\n<p>Para entender essa quest\u00e3o com mais facilidade, \u00e9 necess\u00e1rio considerar dois aspectos principais: o peso e a resist\u00eancia do ar.<\/p>\n\n\n\n<p>Nos t\u00f3picos a seguir, voc\u00ea entender\u00e1 sobre esses dois pontos com mais profundidade!<\/p>\n\n\n\n<h3 class=\"wp-block-heading\">Peso<\/h3>\n\n\n\n<p>O teto solar em si n\u00e3o interfere diretamente no consumo de combust\u00edvel, pois ele n\u00e3o possui nenhum mecanismo que afete a queima do combust\u00edvel no motor.&nbsp;<\/p>\n\n\n\n<p>No entanto, o teto solar \u00e9 um acess\u00f3rio que adiciona um peso extra a um carro \u2014 geralmente, por volta de 15 kg, devido a instala\u00e7\u00e3o do vidro e do sistema que o faz funcionar. Isso, se ele n\u00e3o for <a href=\"https:\/\/cadeguincho.com\/blog\/quais-as-vantagens-e-desvantagens-de-um-veiculo-blindado\/\" target=\"_blank\" rel=\"noreferrer noopener\">blindado<\/a>, pois caso seja o peso pode chegar facilmente a 40 kg.&nbsp;<\/p>\n\n\n\n<p>Por conta dessa circunst\u00e2ncia, o consumo de combust\u00edvel do ve\u00edculo tende a ser levemente aumentado, pois o motor precisa trabalhar mais para mover o peso extra do carro.&nbsp;<\/p>\n\n\n\n<p>Esse peso adicional pode ser mais significativo em carros menores. Contudo, \u00e9 v\u00e1lido ressaltar que o aumento no consumo normalmente \u00e9 pequeno, quase impercept\u00edvel.<\/p>\n\n\n\n<h3 class=\"wp-block-heading\">Resist\u00eancia do ar<\/h3>\n\n\n\n<figure class=\"wp-block-image size-full\"><img decoding=\"async\" width=\"680\" height=\"250\" src=\"https:\/\/cadeguincho.com\/blog\/wp-content\/uploads\/2023\/04\/turbulencia-teto-solar-automotivo.png\" alt=\"Mulher dentro de um ve\u00edculo com o teto solar aberto\" class=\"wp-image-4657\" title=\"O carro precisa trabalhar mais para vencer a resist\u00eancia do ar\" srcset=\"https:\/\/cadeguincho.com\/blog\/wp-content\/uploads\/2023\/04\/turbulencia-teto-solar-automotivo.png 680w, https:\/\/cadeguincho.com\/blog\/wp-content\/uploads\/2023\/04\/turbulencia-teto-solar-automotivo-300x110.png 300w\" sizes=\"(max-width: 680px) 100vw, 680px\" \/><\/figure>\n\n\n\n<p>Outro ponto que est\u00e1 relacionado ao teto solar e a um eventual aumento no consumo de combust\u00edvel \u00e9 a resist\u00eancia do ar.<\/p>\n\n\n\n<p>Isso porque, quando o teto solar est\u00e1 aberto, h\u00e1 mais \u201cturbul\u00eancia\u201d dentro do carro, o que pode aumentar a resist\u00eancia do ar.&nbsp;<\/p>\n\n\n\n<p>Consequentemente, essa situa\u00e7\u00e3o pode levar a um aumento no consumo, especialmente se o ve\u00edculo estiver em velocidades mais altas (acima de 80 km\/h).<\/p>\n\n\n\n<p>O que ocorre \u00e9 que o carro precisa trabalhar mais para vencer a resist\u00eancia do ar e manter a velocidade. O mesmo vale se voc\u00ea mantiver os <a href=\"https:\/\/cadeguincho.com\/blog\/problemas-no-vidro-eletrico-saiba-como-arrumar\/\" target=\"_blank\" rel=\"noreferrer noopener\">vidros<\/a> abertos tamb\u00e9m, al\u00e9m do teto solar.<\/p>\n\n\n\n<p>Agora, vale ressaltar que assim como o peso adicional, a diferen\u00e7a no consumo de combust\u00edvel n\u00e3o costuma ser muito grande, ok?<\/p>\n\n\n\n<p>Em m\u00e9dia, estima-se que o teto solar possa aumentar o consumo em cerca de 5% em rela\u00e7\u00e3o a um carro sem esse acess\u00f3rio.<\/p>\n\n\n\n<p>Ent\u00e3o, se o seu carro faz, por exemplo, 10 km\/l sem o teto solar, com o item instalado e aberto ele pode fazer por volta de 9,5 km\/l.<\/p>\n\n\n\n<h3 class=\"wp-block-heading\">Outros pontos que merecem considera\u00e7\u00e3o<\/h3>\n\n\n\n<p>Como voc\u00ea viu, o peso e a resist\u00eancia do ar s\u00e3o os dois principais fatores ligados ao teto solar e a um poss\u00edvel aumento no consumo de combust\u00edvel.<\/p>\n\n\n\n<p>Contudo, \u00e9 v\u00e1lido mencionar que o impacto no consumo tamb\u00e9m poder\u00e1 variar de acordo com:<\/p>\n\n\n\n<ul class=\"wp-block-list\">\n<li>o modelo do carro (design);<\/li>\n\n\n\n<li>o tamanho do teto solar;<\/li>\n\n\n\n<li>a frequ\u00eancia que um motorista utiliza o acess\u00f3rio em sua rotina;<\/li>\n\n\n\n<li>a velocidade que um motorista costuma conduzir no seu dia a dia.<\/li>\n<\/ul>\n\n\n\n<h2 class=\"wp-block-heading\">Como minimizar o impacto do teto solar no consumo de combust\u00edvel?<\/h2>\n\n\n\n<p>No geral, o impacto do teto solar no consumo de combust\u00edvel \u00e9 m\u00ednimo e n\u00e3o deve ser uma preocupa\u00e7\u00e3o significativa para os motoristas.<\/p>\n\n\n\n<p>Contudo, se voc\u00ea tem um carro com esse item e est\u00e1 preocupado com um poss\u00edvel impacto dele no consumo do seu ve\u00edculo (afinal, os <a href=\"https:\/\/forbes.com.br\/forbes-money\/2023\/03\/preco-da-gasolina-dispara-53-nos-postos-do-brasil-apos-alta-do-imposto\/\" target=\"_blank\" rel=\"noreferrer noopener nofollow\">pre\u00e7os<\/a> n\u00e3o andam muito \u201camig\u00e1veis\u201d), saiba que existem algumas medidas que voc\u00ea pode adotar para minimizar esses efeitos. Veja!<\/p>\n\n\n\n<h3 class=\"wp-block-heading\">Utilize o teto solar com modera\u00e7\u00e3o<\/h3>\n\n\n\n<p>Como mencionado mais acima, o teto solar aberto cria uma resist\u00eancia ao vento que pode aumentar o consumo de combust\u00edvel. Por isso, procure n\u00e3o utiliz\u00e1-lo sempre. Se n\u00e3o houver necessidade, mantenha-o fechado.<\/p>\n\n\n\n<h3 class=\"wp-block-heading\">Utilize o teto solar de prefer\u00eancia em velocidades mais baixas<\/h3>\n\n\n\n<p>Al\u00e9m de evitar usar o teto solar desnecessariamente, vale a pena utiliz\u00e1-lo apenas em velocidades mais baixas se voc\u00ea n\u00e3o quiser gastar mais do que o normal com combust\u00edvel.&nbsp;<\/p>\n\n\n\n<h3 class=\"wp-block-heading\">Verifique a press\u00e3o dos pneus regularmente<\/h3>\n\n\n\n<p>Embora n\u00e3o esteja relacionada diretamente com o teto solar, a press\u00e3o inadequada dos pneus pode afetar o consumo de combust\u00edvel.&nbsp;<\/p>\n\n\n\n<p>Portanto, como terceira orienta\u00e7\u00e3o, verifique a <a href=\"https:\/\/cadeguincho.com\/blog\/calibragem-de-pneus-qual-sua-importancia-e-como-fazer\/\" target=\"_blank\" rel=\"noreferrer noopener\">press\u00e3o dos pneus<\/a> regularmente e a mantenha dentro dos limites recomendados pelo fabricante, ok?<\/p>\n\n\n\n<h3 class=\"wp-block-heading\">Dirija de forma mais econ\u00f4mica<\/h3>\n\n\n\n<p>Uma condu\u00e7\u00e3o mais suave e econ\u00f4mica pode ajudar a reduzir o consumo de combust\u00edvel, independentemente de ter ou n\u00e3o um teto solar instalado em seu carro.&nbsp;<\/p>\n\n\n\n<p>Sendo assim, evite acelerar ou frear bruscamente e mantenha uma velocidade constante sempre que poss\u00edvel. Essas provid\u00eancias prolongam tamb\u00e9m a durabilidade de freios e pneus, entre outros componentes.<\/p>\n\n\n\n<h3 class=\"wp-block-heading\">Mantenha o carro em boas condi\u00e7\u00f5es<\/h3>\n\n\n\n<p>Por fim, outra medida importante que voc\u00ea deve considerar para evitar um consumo excessivo de combust\u00edvel \u00e9 manter o seu carro em boas condi\u00e7\u00f5es.<\/p>\n\n\n\n<p>Ent\u00e3o, tenha cuidado com ele no dia a dia e n\u00e3o deixe de mant\u00ea-lo com a manuten\u00e7\u00e3o e as <a href=\"https:\/\/cadeguincho.com\/blog\/a-importancia-de-fazer-a-revisao-do-veiculo-todo-ano\/\" target=\"_blank\" rel=\"noreferrer noopener\">revis\u00f5es<\/a> em dia, combinado?&nbsp;<\/p>\n\n\n\n<h2 class=\"wp-block-heading\">Ar-condicionado x teto solar: d\u00e1 para economizar?<\/h2>\n\n\n\n<figure class=\"wp-block-image size-full\"><img decoding=\"async\" width=\"680\" height=\"250\" src=\"https:\/\/cadeguincho.com\/blog\/wp-content\/uploads\/2023\/04\/economia-combustivel-teto-solar.png\" alt=\"Mulher dentro de carro com o teto solar aberto\" class=\"wp-image-4658\" title=\"Utilizar esse acess\u00f3rio com sabedoria pode economizar combust\u00edvel\" srcset=\"https:\/\/cadeguincho.com\/blog\/wp-content\/uploads\/2023\/04\/economia-combustivel-teto-solar.png 680w, https:\/\/cadeguincho.com\/blog\/wp-content\/uploads\/2023\/04\/economia-combustivel-teto-solar-300x110.png 300w\" sizes=\"(max-width: 680px) 100vw, 680px\" \/><\/figure>\n\n\n\n<p>Conforme voc\u00ea acompanhou ao longo do artigo, os tetos solares n\u00e3o afetam consideravelmente o consumo de combust\u00edvel de um ve\u00edculo.&nbsp;<\/p>\n\n\n\n<p>Agora, voc\u00ea sabia que se voc\u00ea utilizar esse acess\u00f3rio com sabedoria \u00e9 poss\u00edvel economizar combust\u00edvel?&nbsp;<\/p>\n\n\n\n<p>Geralmente, quando motoristas est\u00e3o com calor, eles abrem as janelas ou utilizam o teto solar, ou o ar-condicionado.&nbsp;<\/p>\n\n\n\n<p>Por\u00e9m, o uso frequente do ar-condicionado pode afetar o consumo de combust\u00edvel, pois ele utiliza a energia do motor para funcionar.<\/p>\n\n\n\n<p>Sendo assim, se voc\u00ea seguir as orienta\u00e7\u00f5es anteriores e utilizar o teto solar de forma adequada, poder\u00e1 obter uma certa economia de combust\u00edvel por n\u00e3o precisar acionar o <a href=\"https:\/\/cadeguincho.com\/blog\/a-importancia-da-manutencao-em-ar-condicionado-de-carro\/\" target=\"_blank\" rel=\"noreferrer noopener\">ar-condicionado<\/a> o tempo todo.<\/p>\n\n\n\n<p>Em resumo, em velocidades abaixo de 80 km\/h, d\u00ea prefer\u00eancia para os vidros abertos e para o teto solar. J\u00e1 em velocidades acima de 80 km\/h, opte pelo ar-condicionado.&nbsp;<\/p>\n\n\n\n<p>Ficou mais claro qual a rela\u00e7\u00e3o do teto solar com o consumo de combust\u00edvel? Esperamos que as informa\u00e7\u00f5es apresentadas tenham sanado as suas d\u00favidas sobre o assunto. E caso tenha algo a acrescentar, comente abaixo!<\/p>\n","protected":false},"excerpt":{"rendered":"<p>Um assunto que costuma estar relacionado ao teto solar refere-se a interfer\u00eancia dele no consumo de combust\u00edvel. Mas ser\u00e1 que \u00e9 verdade? Entenda neste post!<\/p>\n","protected":false},"author":2,"featured_media":4713,"comment_status":"open","ping_status":"open","sticky":false,"template":"","format":"standard","meta":{"footnotes":""},"categories":[41],"tags":[54,131,820,840,226,873],"class_list":["post-4654","post","type-post","status-publish","format-standard","has-post-thumbnail","hentry","category-banner","tag-cade-guincho","tag-carro","tag-cuidados-com-o-veiculo","tag-informacoes","tag-manutencao-automotiva","tag-teto-solar"],"_links":{"self":[{"href":"https:\/\/cadeguincho.com\/blog\/wp-json\/wp\/v2\/posts\/4654","targetHints":{"allow":["GET"]}}],"collection":[{"href":"https:\/\/cadeguincho.com\/blog\/wp-json\/wp\/v2\/posts"}],"about":[{"href":"https:\/\/cadeguincho.com\/blog\/wp-json\/wp\/v2\/types\/post"}],"author":[{"embeddable":true,"href":"https:\/\/cadeguincho.com\/blog\/wp-json\/wp\/v2\/users\/2"}],"replies":[{"embeddable":true,"href":"https:\/\/cadeguincho.com\/blog\/wp-json\/wp\/v2\/comments?post=4654"}],"version-history":[{"count":0,"href":"https:\/\/cadeguincho.com\/blog\/wp-json\/wp\/v2\/posts\/4654\/revisions"}],"wp:featuredmedia":[{"embeddable":true,"href":"https:\/\/cadeguincho.com\/blog\/wp-json\/wp\/v2\/media\/4713"}],"wp:attachment":[{"href":"https:\/\/cadeguincho.com\/blog\/wp-json\/wp\/v2\/media?parent=4654"}],"wp:term":[{"taxonomy":"category","embeddable":true,"href":"https:\/\/cadeguincho.com\/blog\/wp-json\/wp\/v2\/categories?post=4654"},{"taxonomy":"post_tag","embeddable":true,"href":"https:\/\/cadeguincho.com\/blog\/wp-json\/wp\/v2\/tags?post=4654"}],"curies":[{"name":"wp","href":"https:\/\/api.w.org\/{rel}","templated":true}]}}